{"id":2007,"date":"2014-01-02T10:20:18","date_gmt":"2014-01-02T09:20:18","guid":{"rendered":"http:\/\/www.histriaweb.eu\/wp\/?p=2007"},"modified":"2018-02-08T10:08:59","modified_gmt":"2018-02-08T09:08:59","slug":"pietro-nobile-istarski-motivi-pocetkom-19-stoljeca","status":"publish","type":"post","link":"https:\/\/histriaweb.eu\/wp\/pietro-nobile-istarski-motivi-pocetkom-19-stoljeca\/","title":{"rendered":"Pietro Nobile &#8211; razstave"},"content":{"rendered":"<h1><span style=\"font-size: medium;\"><strong>PIETRO NOBILE: Viaggio artistico attraverso l&#8217;Istria<br \/>\n<\/strong><\/span><\/h1>\n<p><strong><span style=\"font-size: medium;\">Istarski motivi po\u010detkom 19. <span style=\"font-size: medium;\">stolje\u0107a \/ <\/span><\/span><span style=\"font-size: medium;\">Motivi istriani di inizio Ottocento \/ <\/span><span style=\"font-size: medium;\">Istrski motivi z za\u010detka 19. stoletja<\/span><\/strong><\/p>\n<p><span style=\"font-size: small;\">L\u2019esposizione propone, attraverso 82 disegni, le vedute di paesaggi, panorami e monumenti relativi a localit\u00e0 istriane (Muggia, Capodistria, Pirano, Parenzo, Rovigno, Pola, Dignano, Sanvincenti, Albona, Antignana, Pisino, Fianona, Laurana, Montona, Buie\u2026)<\/span> <span style=\"font-size: small;\">realizzati dall\u2019architetto ticinese nella sua qualit\u00e0 di responsabile della Direzione delle Fabbriche di Trieste durante i viaggi in Istria, <\/span><span style=\"font-size: small;\">intorno al 1815, atti alla progettazione di strade. La collezione, custodita presso l\u2019Archivio di Stato di Fiume, ha un grosso valore documentaristico in quanto testimone di soggetti non documentati e non conservati sino ad oggi.<br \/>\n<\/span><\/p>\n<p><span style=\"font-size: small;\">Na 82 risbah istrskih krajev (Milje, Koper, Piran, Pore\u010d, Rovinj, Pula, Vodnjan, Savi\u010denta, Labin, Tinjan, Pazin, Plomin, Lovran, otovun, Buje &#8230;) prikazuje vedute, panorame in spomenike, ki jih je narisal arhitekt Pietro Nobile iz Ticina v \u0160vici, ko je bil v Trstu kot vodja Uprave za javne gradnje (Direzione delle fabbriche) odgovoren tudi za na\u010drtovanje cest ter je med potovanji po Istri, okoli leta 1815, tudi risal. Zbirko teh risb hrani Dr\u017eavni arhiv na Reki. Risbe imajo veliko dokumentarno vrednost, saj prikazujejo tudi vsebine, ki niso do danes ohranjene niti druga\u010de zabele\u017eene.<br \/>\n<\/span><\/p>\n<p>&nbsp;<\/p>\n<p><em>RAZSTAVE \/ ESPOSIZIONI \/ IZLO\u017dBE:<\/em><\/p>\n<p>&nbsp;<\/p>\n<table style=\"width: 856px; height: 534px;\" border=\"0\">\n<tbody>\n<tr>\n<td><a href=\"https:\/\/histriaweb.eu\/wp\/wp-content\/uploads\/2013\/04\/pozivnica-nobile.jpg\" data-rel=\"lightbox-image-0\" data-rl_title=\"\" data-rl_caption=\"\" title=\"\"><img loading=\"lazy\" decoding=\"async\" class=\"aligncenter size-full wp-image-188\" src=\"https:\/\/histriaweb.eu\/wp\/wp-content\/uploads\/2013\/04\/pozivnica-nobile.jpg\" alt=\"pozivnica nobile\" width=\"201\" height=\"84\" srcset=\"https:\/\/histriaweb.eu\/wp\/wp-content\/uploads\/2013\/04\/pozivnica-nobile.jpg 737w, https:\/\/histriaweb.eu\/wp\/wp-content\/uploads\/2013\/04\/pozivnica-nobile-150x63.jpg 150w, https:\/\/histriaweb.eu\/wp\/wp-content\/uploads\/2013\/04\/pozivnica-nobile-300x126.jpg 300w, https:\/\/histriaweb.eu\/wp\/wp-content\/uploads\/2013\/04\/pozivnica-nobile-200x83.jpg 200w, https:\/\/histriaweb.eu\/wp\/wp-content\/uploads\/2013\/04\/pozivnica-nobile-500x209.jpg 500w\" sizes=\"auto, (max-width: 201px) 100vw, 201px\" \/><\/a><\/td>\n<td><a href=\"https:\/\/histriaweb.eu\/wp\/?p=922\">Pula \/ Pola \/ Pulj<\/a><\/p>\n<p>Sveta Srca &#8211; Sacri Cuori (Arheolo\u0161ki muzej Istre)<\/p>\n<p>25\/01\/2013 &#8211; 25\/02\/2013<\/td>\n<\/tr>\n<tr>\n<td><a href=\"https:\/\/histriaweb.eu\/wp\/wp-content\/uploads\/2014\/01\/DAR-poz.jpg\" data-rel=\"lightbox-image-1\" data-rl_title=\"\" data-rl_caption=\"\" title=\"\"><img loading=\"lazy\" decoding=\"async\" class=\"aligncenter size-large wp-image-2019\" src=\"https:\/\/histriaweb.eu\/wp\/wp-content\/uploads\/2014\/01\/DAR-poz-500x235.jpg\" alt=\"DAR-poz\" width=\"201\" height=\"94\" srcset=\"https:\/\/histriaweb.eu\/wp\/wp-content\/uploads\/2014\/01\/DAR-poz-500x235.jpg 500w, https:\/\/histriaweb.eu\/wp\/wp-content\/uploads\/2014\/01\/DAR-poz-150x71.jpg 150w, https:\/\/histriaweb.eu\/wp\/wp-content\/uploads\/2014\/01\/DAR-poz-300x141.jpg 300w, https:\/\/histriaweb.eu\/wp\/wp-content\/uploads\/2014\/01\/DAR-poz-200x94.jpg 200w\" sizes=\"auto, (max-width: 201px) 100vw, 201px\" \/><\/a><\/td>\n<td><a href=\"https:\/\/histriaweb.eu\/wp\/?p=923\">Rijeka \/ Fiume \/ Reka<\/a><\/p>\n<p><span class=\"st\">Rezidencija vojvode Josipa Habsbur\u0161kog \/ Palazzo dell\u2019arciduca Giuseppe<br \/>\nd\u2019Asburgo <\/span>(Dr\u017eavni arhiv u Rijeci)<\/p>\n<p>04\/04\/2013 &#8211; 25\/04\/2013<\/td>\n<\/tr>\n<tr>\n<td><a href=\"https:\/\/histriaweb.eu\/wp\/wp-content\/uploads\/2013\/05\/pozivnica_Pietro-Nobile_Opatija.jpg\" data-rel=\"lightbox-image-2\" data-rl_title=\"\" data-rl_caption=\"\" title=\"\"><img loading=\"lazy\" decoding=\"async\" class=\"aligncenter size-full wp-image-1381\" src=\"https:\/\/histriaweb.eu\/wp\/wp-content\/uploads\/2013\/05\/pozivnica_Pietro-Nobile_Opatija.jpg\" alt=\"pozivnica_Pietro Nobile_Opatija\" width=\"200\" height=\"146\" srcset=\"https:\/\/histriaweb.eu\/wp\/wp-content\/uploads\/2013\/05\/pozivnica_Pietro-Nobile_Opatija.jpg 862w, https:\/\/histriaweb.eu\/wp\/wp-content\/uploads\/2013\/05\/pozivnica_Pietro-Nobile_Opatija-150x110.jpg 150w, https:\/\/histriaweb.eu\/wp\/wp-content\/uploads\/2013\/05\/pozivnica_Pietro-Nobile_Opatija-300x220.jpg 300w, https:\/\/histriaweb.eu\/wp\/wp-content\/uploads\/2013\/05\/pozivnica_Pietro-Nobile_Opatija-200x146.jpg 200w, https:\/\/histriaweb.eu\/wp\/wp-content\/uploads\/2013\/05\/pozivnica_Pietro-Nobile_Opatija-500x366.jpg 500w\" sizes=\"auto, (max-width: 200px) 100vw, 200px\" \/><\/a><\/td>\n<td><a href=\"https:\/\/histriaweb.eu\/wp\/?p=924\">Opatija\u00a0\/ Abbazia<\/a><\/p>\n<p>Umjetni\u010dki paviljon\/Padiglione artistico &#8220;Juraj \u0160porer&#8221; (Hrvatski muzej turizma)<\/p>\n<p>28\/05\/2013 &#8211; 30\/06\/2013<\/td>\n<\/tr>\n<tr>\n<td><a href=\"https:\/\/histriaweb.eu\/wp\/wp-content\/uploads\/2014\/01\/Pietro-Nobile_invito_pmk.jpg\" data-rel=\"lightbox-image-3\" data-rl_title=\"\" data-rl_caption=\"\" title=\"\"><img loading=\"lazy\" decoding=\"async\" class=\"aligncenter size-large wp-image-2012\" src=\"https:\/\/histriaweb.eu\/wp\/wp-content\/uploads\/2014\/01\/Pietro-Nobile_invito_pmk-500x232.jpg\" alt=\"Pietro Nobile_invito_pmk\" width=\"199\" height=\"92\" srcset=\"https:\/\/histriaweb.eu\/wp\/wp-content\/uploads\/2014\/01\/Pietro-Nobile_invito_pmk-500x232.jpg 500w, https:\/\/histriaweb.eu\/wp\/wp-content\/uploads\/2014\/01\/Pietro-Nobile_invito_pmk-150x70.jpg 150w, https:\/\/histriaweb.eu\/wp\/wp-content\/uploads\/2014\/01\/Pietro-Nobile_invito_pmk-300x140.jpg 300w, https:\/\/histriaweb.eu\/wp\/wp-content\/uploads\/2014\/01\/Pietro-Nobile_invito_pmk-200x93.jpg 200w\" sizes=\"auto, (max-width: 199px) 100vw, 199px\" \/><\/a><\/td>\n<td><a href=\"https:\/\/histriaweb.eu\/wp\/?p=1192\">Koper\u00a0\/ Capodistria \/ Kopar<\/a><\/p>\n<p>Pala\u010da\/Palazzo Tacco (Pokrajinski muzej Koper &#8211; Museo regionale di Capodistria)<\/p>\n<p>19\/07\/2013 &#8211; 30\/09\/2013<\/td>\n<\/tr>\n<tr>\n<td><a href=\"https:\/\/histriaweb.eu\/wp\/wp-content\/uploads\/2013\/07\/copertina.jpg\" data-rel=\"lightbox-image-4\" data-rl_title=\"\" data-rl_caption=\"\" title=\"\"><img loading=\"lazy\" decoding=\"async\" class=\"aligncenter wp-image-3773\" src=\"https:\/\/histriaweb.eu\/wp\/wp-content\/uploads\/2013\/07\/copertina.jpg\" alt=\"copertina\" width=\"195\" height=\"195\" srcset=\"https:\/\/histriaweb.eu\/wp\/wp-content\/uploads\/2013\/07\/copertina.jpg 1420w, https:\/\/histriaweb.eu\/wp\/wp-content\/uploads\/2013\/07\/copertina-150x150.jpg 150w, https:\/\/histriaweb.eu\/wp\/wp-content\/uploads\/2013\/07\/copertina-100x100.jpg 100w, https:\/\/histriaweb.eu\/wp\/wp-content\/uploads\/2013\/07\/copertina-300x300.jpg 300w, https:\/\/histriaweb.eu\/wp\/wp-content\/uploads\/2013\/07\/copertina-200x200.jpg 200w, https:\/\/histriaweb.eu\/wp\/wp-content\/uploads\/2013\/07\/copertina-500x500.jpg 500w, https:\/\/histriaweb.eu\/wp\/wp-content\/uploads\/2013\/07\/copertina-700x700.jpg 700w\" sizes=\"auto, (max-width: 195px) 100vw, 195px\" \/><\/a><\/td>\n<td>\u00a0<a href=\"https:\/\/histriaweb.eu\/wp\/pietro-nobile-viaggio-artistico-attraverso-listria-trieste-trst\/\">Trieste \/ Trst<\/a><\/p>\n<p>Palazzo \/ Pala\u010da Brambilla Morpurgo (Biblioteca Statale Stelio Crise Trieste)<\/p>\n<p>06\/07\/2016 &#8211; 09\/07\/2016<\/td>\n<\/tr>\n<tr>\n<td><a href=\"https:\/\/histriaweb.eu\/wp\/wp-content\/uploads\/2014\/01\/Invito.jpg\" data-rel=\"lightbox-image-5\" data-rl_title=\"\" data-rl_caption=\"\" title=\"\"><img loading=\"lazy\" decoding=\"async\" class=\"aligncenter wp-image-4436\" src=\"https:\/\/histriaweb.eu\/wp\/wp-content\/uploads\/2014\/01\/Invito.jpg\" alt=\"\" width=\"198\" height=\"141\" srcset=\"https:\/\/histriaweb.eu\/wp\/wp-content\/uploads\/2014\/01\/Invito.jpg 2480w, https:\/\/histriaweb.eu\/wp\/wp-content\/uploads\/2014\/01\/Invito-150x107.jpg 150w, https:\/\/histriaweb.eu\/wp\/wp-content\/uploads\/2014\/01\/Invito-300x214.jpg 300w, https:\/\/histriaweb.eu\/wp\/wp-content\/uploads\/2014\/01\/Invito-768x548.jpg 768w, https:\/\/histriaweb.eu\/wp\/wp-content\/uploads\/2014\/01\/Invito-500x357.jpg 500w, https:\/\/histriaweb.eu\/wp\/wp-content\/uploads\/2014\/01\/Invito-700x500.jpg 700w\" sizes=\"auto, (max-width: 198px) 100vw, 198px\" \/><\/a><\/td>\n<td>\u00a0<a href=\"https:\/\/histriaweb.eu\/wp\/pietro-nobile-viaggio-artistico-in-istria-roma-rim\/\">Roma \/ Rim<\/a><\/p>\n<p>Palazzo \/ Pala\u010da Poli (Istituto centrale per la grafica)<\/p>\n<p>22\/09\/2016 &#8211; 06\/11\/2016<\/td>\n<\/tr>\n<\/tbody>\n<\/table>\n<p>&nbsp;<\/p>\n","protected":false},"excerpt":{"rendered":"<p>PIETRO NOBILE: Viaggio artistico attraverso l&#8217;Istria Istarski motivi po\u010detkom 19. stolje\u0107a \/ Motivi istriani di inizio Ottocento \/ Istrski motivi z za\u010detka 19. stoletja L\u2019esposizione propone, attraverso 82 disegni, le vedute di paesaggi, panorami e monumenti relativi a localit\u00e0 istriane (Muggia, Capodistria, Pirano, Parenzo, Rovigno, Pola, Dignano, Sanvincenti, Albona, Antignana, Pisino, Fianona, Laurana, Montona, Buie\u2026) [&hellip;]<\/p>\n","protected":false},"author":2,"featured_media":0,"comment_status":"closed","ping_status":"open","sticky":false,"template":"","format":"standard","meta":{"footnotes":""},"categories":[45,32],"tags":[],"class_list":["post-2007","post","type-post","status-publish","format-standard","hentry","category-home","category-razstave"],"yoast_head":"<!-- This site is optimized with the Yoast SEO plugin v27.1.1 - https:\/\/yoast.com\/product\/yoast-seo-wordpress\/ -->\n<title>Pietro Nobile - razstave - HISTRIA<\/title>\n<meta name=\"description\" content=\"Pietro Nobile - razstave\" \/>\n<meta name=\"robots\" content=\"index, follow, max-snippet:-1, max-image-preview:large, max-video-preview:-1\" \/>\n<link rel=\"canonical\" href=\"https:\/\/histriaweb.eu\/wp\/pietro-nobile-istarski-motivi-pocetkom-19-stoljeca\/\" \/>\n<meta property=\"og:locale\" content=\"en_GB\" \/>\n<meta property=\"og:type\" content=\"article\" \/>\n<meta property=\"og:title\" content=\"Pietro Nobile - razstave - HISTRIA\" \/>\n<meta property=\"og:description\" content=\"Pietro Nobile - razstave\" \/>\n<meta property=\"og:url\" content=\"https:\/\/histriaweb.eu\/wp\/pietro-nobile-istarski-motivi-pocetkom-19-stoljeca\/\" \/>\n<meta property=\"og:site_name\" content=\"HISTRIA\" \/>\n<meta property=\"article:published_time\" content=\"2014-01-02T09:20:18+00:00\" \/>\n<meta property=\"article:modified_time\" content=\"2018-02-08T09:08:59+00:00\" \/>\n<meta property=\"og:image\" content=\"https:\/\/histriaweb.eu\/wp\/wp-content\/uploads\/2013\/04\/pozivnica-nobile.jpg\" \/>\n\t<meta property=\"og:image:width\" content=\"737\" \/>\n\t<meta property=\"og:image:height\" content=\"309\" \/>\n\t<meta property=\"og:image:type\" content=\"image\/jpeg\" \/>\n<meta name=\"author\" content=\"Dean Krmac\" \/>\n<meta name=\"twitter:label1\" content=\"Written by\" \/>\n\t<meta name=\"twitter:data1\" content=\"Dean Krmac\" \/>\n\t<meta name=\"twitter:label2\" content=\"Estimated reading time\" \/>\n\t<meta name=\"twitter:data2\" content=\"1 minute\" \/>\n<script type=\"application\/ld+json\" class=\"yoast-schema-graph\">{\"@context\":\"https:\/\/schema.org\",\"@graph\":[{\"@type\":\"Article\",\"@id\":\"https:\/\/histriaweb.eu\/wp\/pietro-nobile-istarski-motivi-pocetkom-19-stoljeca\/#article\",\"isPartOf\":{\"@id\":\"https:\/\/histriaweb.eu\/wp\/pietro-nobile-istarski-motivi-pocetkom-19-stoljeca\/\"},\"author\":{\"name\":\"Dean Krmac\",\"@id\":\"https:\/\/histriaweb.eu\/wp\/#\/schema\/person\/e9097110bdfbf55346a3dc633d66b805\"},\"headline\":\"Pietro Nobile &#8211; razstave\",\"datePublished\":\"2014-01-02T09:20:18+00:00\",\"dateModified\":\"2018-02-08T09:08:59+00:00\",\"mainEntityOfPage\":{\"@id\":\"https:\/\/histriaweb.eu\/wp\/pietro-nobile-istarski-motivi-pocetkom-19-stoljeca\/\"},\"wordCount\":301,\"image\":{\"@id\":\"https:\/\/histriaweb.eu\/wp\/pietro-nobile-istarski-motivi-pocetkom-19-stoljeca\/#primaryimage\"},\"thumbnailUrl\":\"https:\/\/histriaweb.eu\/wp\/wp-content\/uploads\/2013\/04\/pozivnica-nobile.jpg\",\"articleSection\":[\"home\",\"RAZSTAVE\"],\"inLanguage\":\"en-GB\"},{\"@type\":\"WebPage\",\"@id\":\"https:\/\/histriaweb.eu\/wp\/pietro-nobile-istarski-motivi-pocetkom-19-stoljeca\/\",\"url\":\"https:\/\/histriaweb.eu\/wp\/pietro-nobile-istarski-motivi-pocetkom-19-stoljeca\/\",\"name\":\"Pietro Nobile - razstave - HISTRIA\",\"isPartOf\":{\"@id\":\"https:\/\/histriaweb.eu\/wp\/#website\"},\"primaryImageOfPage\":{\"@id\":\"https:\/\/histriaweb.eu\/wp\/pietro-nobile-istarski-motivi-pocetkom-19-stoljeca\/#primaryimage\"},\"image\":{\"@id\":\"https:\/\/histriaweb.eu\/wp\/pietro-nobile-istarski-motivi-pocetkom-19-stoljeca\/#primaryimage\"},\"thumbnailUrl\":\"https:\/\/histriaweb.eu\/wp\/wp-content\/uploads\/2013\/04\/pozivnica-nobile.jpg\",\"datePublished\":\"2014-01-02T09:20:18+00:00\",\"dateModified\":\"2018-02-08T09:08:59+00:00\",\"author\":{\"@id\":\"https:\/\/histriaweb.eu\/wp\/#\/schema\/person\/e9097110bdfbf55346a3dc633d66b805\"},\"description\":\"Pietro Nobile - razstave\",\"breadcrumb\":{\"@id\":\"https:\/\/histriaweb.eu\/wp\/pietro-nobile-istarski-motivi-pocetkom-19-stoljeca\/#breadcrumb\"},\"inLanguage\":\"en-GB\",\"potentialAction\":[{\"@type\":\"ReadAction\",\"target\":[\"https:\/\/histriaweb.eu\/wp\/pietro-nobile-istarski-motivi-pocetkom-19-stoljeca\/\"]}]},{\"@type\":\"ImageObject\",\"inLanguage\":\"en-GB\",\"@id\":\"https:\/\/histriaweb.eu\/wp\/pietro-nobile-istarski-motivi-pocetkom-19-stoljeca\/#primaryimage\",\"url\":\"https:\/\/histriaweb.eu\/wp\/wp-content\/uploads\/2013\/04\/pozivnica-nobile.jpg\",\"contentUrl\":\"https:\/\/histriaweb.eu\/wp\/wp-content\/uploads\/2013\/04\/pozivnica-nobile.jpg\",\"width\":737,\"height\":309},{\"@type\":\"BreadcrumbList\",\"@id\":\"https:\/\/histriaweb.eu\/wp\/pietro-nobile-istarski-motivi-pocetkom-19-stoljeca\/#breadcrumb\",\"itemListElement\":[{\"@type\":\"ListItem\",\"position\":1,\"name\":\"Home\",\"item\":\"https:\/\/histriaweb.eu\/wp\/\"},{\"@type\":\"ListItem\",\"position\":2,\"name\":\"Pietro Nobile &#8211; razstave\"}]},{\"@type\":\"WebSite\",\"@id\":\"https:\/\/histriaweb.eu\/wp\/#website\",\"url\":\"https:\/\/histriaweb.eu\/wp\/\",\"name\":\"HISTRIA\",\"description\":\"Humanisti\u010dno dru\u0161tvo - Societ\u00e0 umanistica  - Humanisti\u010dko dru\u0161tvo\",\"potentialAction\":[{\"@type\":\"SearchAction\",\"target\":{\"@type\":\"EntryPoint\",\"urlTemplate\":\"https:\/\/histriaweb.eu\/wp\/?s={search_term_string}\"},\"query-input\":{\"@type\":\"PropertyValueSpecification\",\"valueRequired\":true,\"valueName\":\"search_term_string\"}}],\"inLanguage\":\"en-GB\"},{\"@type\":\"Person\",\"@id\":\"https:\/\/histriaweb.eu\/wp\/#\/schema\/person\/e9097110bdfbf55346a3dc633d66b805\",\"name\":\"Dean Krmac\",\"image\":{\"@type\":\"ImageObject\",\"inLanguage\":\"en-GB\",\"@id\":\"https:\/\/histriaweb.eu\/wp\/#\/schema\/person\/image\/\",\"url\":\"https:\/\/secure.gravatar.com\/avatar\/a1d543acb9712d2aa03079afbbd1535c12e9aa7d65d95fc9b056715991ec6711?s=96&d=identicon&r=g\",\"contentUrl\":\"https:\/\/secure.gravatar.com\/avatar\/a1d543acb9712d2aa03079afbbd1535c12e9aa7d65d95fc9b056715991ec6711?s=96&d=identicon&r=g\",\"caption\":\"Dean Krmac\"},\"url\":\"https:\/\/histriaweb.eu\/wp\/author\/dean\/\"}]}<\/script>\n<!-- \/ Yoast SEO plugin. -->","yoast_head_json":{"title":"Pietro Nobile - razstave - HISTRIA","description":"Pietro Nobile - razstave","robots":{"index":"index","follow":"follow","max-snippet":"max-snippet:-1","max-image-preview":"max-image-preview:large","max-video-preview":"max-video-preview:-1"},"canonical":"https:\/\/histriaweb.eu\/wp\/pietro-nobile-istarski-motivi-pocetkom-19-stoljeca\/","og_locale":"en_GB","og_type":"article","og_title":"Pietro Nobile - razstave - HISTRIA","og_description":"Pietro Nobile - razstave","og_url":"https:\/\/histriaweb.eu\/wp\/pietro-nobile-istarski-motivi-pocetkom-19-stoljeca\/","og_site_name":"HISTRIA","article_published_time":"2014-01-02T09:20:18+00:00","article_modified_time":"2018-02-08T09:08:59+00:00","og_image":[{"width":737,"height":309,"url":"https:\/\/histriaweb.eu\/wp\/wp-content\/uploads\/2013\/04\/pozivnica-nobile.jpg","type":"image\/jpeg"}],"author":"Dean Krmac","twitter_misc":{"Written by":"Dean Krmac","Estimated reading time":"1 minute"},"schema":{"@context":"https:\/\/schema.org","@graph":[{"@type":"Article","@id":"https:\/\/histriaweb.eu\/wp\/pietro-nobile-istarski-motivi-pocetkom-19-stoljeca\/#article","isPartOf":{"@id":"https:\/\/histriaweb.eu\/wp\/pietro-nobile-istarski-motivi-pocetkom-19-stoljeca\/"},"author":{"name":"Dean Krmac","@id":"https:\/\/histriaweb.eu\/wp\/#\/schema\/person\/e9097110bdfbf55346a3dc633d66b805"},"headline":"Pietro Nobile &#8211; razstave","datePublished":"2014-01-02T09:20:18+00:00","dateModified":"2018-02-08T09:08:59+00:00","mainEntityOfPage":{"@id":"https:\/\/histriaweb.eu\/wp\/pietro-nobile-istarski-motivi-pocetkom-19-stoljeca\/"},"wordCount":301,"image":{"@id":"https:\/\/histriaweb.eu\/wp\/pietro-nobile-istarski-motivi-pocetkom-19-stoljeca\/#primaryimage"},"thumbnailUrl":"https:\/\/histriaweb.eu\/wp\/wp-content\/uploads\/2013\/04\/pozivnica-nobile.jpg","articleSection":["home","RAZSTAVE"],"inLanguage":"en-GB"},{"@type":"WebPage","@id":"https:\/\/histriaweb.eu\/wp\/pietro-nobile-istarski-motivi-pocetkom-19-stoljeca\/","url":"https:\/\/histriaweb.eu\/wp\/pietro-nobile-istarski-motivi-pocetkom-19-stoljeca\/","name":"Pietro Nobile - razstave - HISTRIA","isPartOf":{"@id":"https:\/\/histriaweb.eu\/wp\/#website"},"primaryImageOfPage":{"@id":"https:\/\/histriaweb.eu\/wp\/pietro-nobile-istarski-motivi-pocetkom-19-stoljeca\/#primaryimage"},"image":{"@id":"https:\/\/histriaweb.eu\/wp\/pietro-nobile-istarski-motivi-pocetkom-19-stoljeca\/#primaryimage"},"thumbnailUrl":"https:\/\/histriaweb.eu\/wp\/wp-content\/uploads\/2013\/04\/pozivnica-nobile.jpg","datePublished":"2014-01-02T09:20:18+00:00","dateModified":"2018-02-08T09:08:59+00:00","author":{"@id":"https:\/\/histriaweb.eu\/wp\/#\/schema\/person\/e9097110bdfbf55346a3dc633d66b805"},"description":"Pietro Nobile - razstave","breadcrumb":{"@id":"https:\/\/histriaweb.eu\/wp\/pietro-nobile-istarski-motivi-pocetkom-19-stoljeca\/#breadcrumb"},"inLanguage":"en-GB","potentialAction":[{"@type":"ReadAction","target":["https:\/\/histriaweb.eu\/wp\/pietro-nobile-istarski-motivi-pocetkom-19-stoljeca\/"]}]},{"@type":"ImageObject","inLanguage":"en-GB","@id":"https:\/\/histriaweb.eu\/wp\/pietro-nobile-istarski-motivi-pocetkom-19-stoljeca\/#primaryimage","url":"https:\/\/histriaweb.eu\/wp\/wp-content\/uploads\/2013\/04\/pozivnica-nobile.jpg","contentUrl":"https:\/\/histriaweb.eu\/wp\/wp-content\/uploads\/2013\/04\/pozivnica-nobile.jpg","width":737,"height":309},{"@type":"BreadcrumbList","@id":"https:\/\/histriaweb.eu\/wp\/pietro-nobile-istarski-motivi-pocetkom-19-stoljeca\/#breadcrumb","itemListElement":[{"@type":"ListItem","position":1,"name":"Home","item":"https:\/\/histriaweb.eu\/wp\/"},{"@type":"ListItem","position":2,"name":"Pietro Nobile &#8211; razstave"}]},{"@type":"WebSite","@id":"https:\/\/histriaweb.eu\/wp\/#website","url":"https:\/\/histriaweb.eu\/wp\/","name":"HISTRIA","description":"Humanisti\u010dno dru\u0161tvo - Societ\u00e0 umanistica  - Humanisti\u010dko dru\u0161tvo","potentialAction":[{"@type":"SearchAction","target":{"@type":"EntryPoint","urlTemplate":"https:\/\/histriaweb.eu\/wp\/?s={search_term_string}"},"query-input":{"@type":"PropertyValueSpecification","valueRequired":true,"valueName":"search_term_string"}}],"inLanguage":"en-GB"},{"@type":"Person","@id":"https:\/\/histriaweb.eu\/wp\/#\/schema\/person\/e9097110bdfbf55346a3dc633d66b805","name":"Dean Krmac","image":{"@type":"ImageObject","inLanguage":"en-GB","@id":"https:\/\/histriaweb.eu\/wp\/#\/schema\/person\/image\/","url":"https:\/\/secure.gravatar.com\/avatar\/a1d543acb9712d2aa03079afbbd1535c12e9aa7d65d95fc9b056715991ec6711?s=96&d=identicon&r=g","contentUrl":"https:\/\/secure.gravatar.com\/avatar\/a1d543acb9712d2aa03079afbbd1535c12e9aa7d65d95fc9b056715991ec6711?s=96&d=identicon&r=g","caption":"Dean Krmac"},"url":"https:\/\/histriaweb.eu\/wp\/author\/dean\/"}]}},"_links":{"self":[{"href":"https:\/\/histriaweb.eu\/wp\/wp-json\/wp\/v2\/posts\/2007","targetHints":{"allow":["GET"]}}],"collection":[{"href":"https:\/\/histriaweb.eu\/wp\/wp-json\/wp\/v2\/posts"}],"about":[{"href":"https:\/\/histriaweb.eu\/wp\/wp-json\/wp\/v2\/types\/post"}],"author":[{"embeddable":true,"href":"https:\/\/histriaweb.eu\/wp\/wp-json\/wp\/v2\/users\/2"}],"replies":[{"embeddable":true,"href":"https:\/\/histriaweb.eu\/wp\/wp-json\/wp\/v2\/comments?post=2007"}],"version-history":[{"count":27,"href":"https:\/\/histriaweb.eu\/wp\/wp-json\/wp\/v2\/posts\/2007\/revisions"}],"predecessor-version":[{"id":4438,"href":"https:\/\/histriaweb.eu\/wp\/wp-json\/wp\/v2\/posts\/2007\/revisions\/4438"}],"wp:attachment":[{"href":"https:\/\/histriaweb.eu\/wp\/wp-json\/wp\/v2\/media?parent=2007"}],"wp:term":[{"taxonomy":"category","embeddable":true,"href":"https:\/\/histriaweb.eu\/wp\/wp-json\/wp\/v2\/categories?post=2007"},{"taxonomy":"post_tag","embeddable":true,"href":"https:\/\/histriaweb.eu\/wp\/wp-json\/wp\/v2\/tags?post=2007"}],"curies":[{"name":"wp","href":"https:\/\/api.w.org\/{rel}","templated":true}]}}