{"id":5649,"date":"2020-03-26T22:41:54","date_gmt":"2020-03-26T21:41:54","guid":{"rendered":"http:\/\/www.histriaweb.eu\/wp\/?p=5649"},"modified":"2020-10-21T10:43:26","modified_gmt":"2020-10-21T09:43:26","slug":"redna-skupscina-assemblea-ordinaria","status":"publish","type":"post","link":"https:\/\/histriaweb.eu\/wp\/redna-skupscina-assemblea-ordinaria\/","title":{"rendered":"Redna Skup\u0161\u010dina &#8211; Assemblea ordinaria"},"content":{"rendered":"<p>La sessione \u00e8 stata indetta per corrispondenza a causa dell&#8217;emergenza sanitaria. Nel corso della riunione sono stati approvati la relazione annua dei lavori e il bilancio della Societ\u00e0 per l\u2019anno di esercizio 2019.<\/p>\n<p>Si \u00e8 tra l&#8217;altro stabilito che l&#8217;attivit\u00e0 in presenza venga momentaneamente sospesa.<\/p>\n","protected":false},"excerpt":{"rendered":"<p>La sessione \u00e8 stata indetta per corrispondenza a causa dell&#8217;emergenza sanitaria. Nel corso della riunione sono stati approvati la relazione annua dei lavori e il bilancio della Societ\u00e0 per l\u2019anno di esercizio 2019. Si \u00e8 tra l&#8217;altro stabilito che l&#8217;attivit\u00e0 in presenza venga momentaneamente sospesa.<\/p>\n","protected":false},"author":2,"featured_media":0,"comment_status":"closed","ping_status":"open","sticky":false,"template":"","format":"standard","meta":{"footnotes":""},"categories":[30],"tags":[],"class_list":["post-5649","post","type-post","status-publish","format-standard","hentry","category-projekti-prireditve"],"yoast_head":"<!-- This site is optimized with the Yoast SEO plugin v27.1.1 - https:\/\/yoast.com\/product\/yoast-seo-wordpress\/ -->\n<title>Redna Skup\u0161\u010dina - Assemblea ordinaria - HISTRIA<\/title>\n<meta name=\"robots\" content=\"index, follow, max-snippet:-1, max-image-preview:large, max-video-preview:-1\" \/>\n<link rel=\"canonical\" href=\"https:\/\/histriaweb.eu\/wp\/redna-skupscina-assemblea-ordinaria\/\" \/>\n<meta property=\"og:locale\" content=\"en_GB\" \/>\n<meta property=\"og:type\" content=\"article\" \/>\n<meta property=\"og:title\" content=\"Redna Skup\u0161\u010dina - Assemblea ordinaria - HISTRIA\" \/>\n<meta property=\"og:description\" content=\"La sessione \u00e8 stata indetta per corrispondenza a causa dell&#8217;emergenza sanitaria. Nel corso della riunione sono stati approvati la relazione annua dei lavori e il bilancio della Societ\u00e0 per l\u2019anno di esercizio 2019. Si \u00e8 tra l&#8217;altro stabilito che l&#8217;attivit\u00e0 in presenza venga momentaneamente sospesa.\" \/>\n<meta property=\"og:url\" content=\"https:\/\/histriaweb.eu\/wp\/redna-skupscina-assemblea-ordinaria\/\" \/>\n<meta property=\"og:site_name\" content=\"HISTRIA\" \/>\n<meta property=\"article:published_time\" content=\"2020-03-26T21:41:54+00:00\" \/>\n<meta property=\"article:modified_time\" content=\"2020-10-21T09:43:26+00:00\" \/>\n<meta name=\"author\" content=\"Dean Krmac\" \/>\n<meta name=\"twitter:label1\" content=\"Written by\" \/>\n\t<meta name=\"twitter:data1\" content=\"Dean Krmac\" \/>\n<script type=\"application\/ld+json\" class=\"yoast-schema-graph\">{\"@context\":\"https:\/\/schema.org\",\"@graph\":[{\"@type\":\"Article\",\"@id\":\"https:\/\/histriaweb.eu\/wp\/redna-skupscina-assemblea-ordinaria\/#article\",\"isPartOf\":{\"@id\":\"https:\/\/histriaweb.eu\/wp\/redna-skupscina-assemblea-ordinaria\/\"},\"author\":{\"name\":\"Dean Krmac\",\"@id\":\"https:\/\/histriaweb.eu\/wp\/#\/schema\/person\/e9097110bdfbf55346a3dc633d66b805\"},\"headline\":\"Redna Skup\u0161\u010dina &#8211; Assemblea ordinaria\",\"datePublished\":\"2020-03-26T21:41:54+00:00\",\"dateModified\":\"2020-10-21T09:43:26+00:00\",\"mainEntityOfPage\":{\"@id\":\"https:\/\/histriaweb.eu\/wp\/redna-skupscina-assemblea-ordinaria\/\"},\"wordCount\":49,\"articleSection\":[\"PRIREDITVE\"],\"inLanguage\":\"en-GB\"},{\"@type\":\"WebPage\",\"@id\":\"https:\/\/histriaweb.eu\/wp\/redna-skupscina-assemblea-ordinaria\/\",\"url\":\"https:\/\/histriaweb.eu\/wp\/redna-skupscina-assemblea-ordinaria\/\",\"name\":\"Redna Skup\u0161\u010dina - Assemblea ordinaria - HISTRIA\",\"isPartOf\":{\"@id\":\"https:\/\/histriaweb.eu\/wp\/#website\"},\"datePublished\":\"2020-03-26T21:41:54+00:00\",\"dateModified\":\"2020-10-21T09:43:26+00:00\",\"author\":{\"@id\":\"https:\/\/histriaweb.eu\/wp\/#\/schema\/person\/e9097110bdfbf55346a3dc633d66b805\"},\"breadcrumb\":{\"@id\":\"https:\/\/histriaweb.eu\/wp\/redna-skupscina-assemblea-ordinaria\/#breadcrumb\"},\"inLanguage\":\"en-GB\",\"potentialAction\":[{\"@type\":\"ReadAction\",\"target\":[\"https:\/\/histriaweb.eu\/wp\/redna-skupscina-assemblea-ordinaria\/\"]}]},{\"@type\":\"BreadcrumbList\",\"@id\":\"https:\/\/histriaweb.eu\/wp\/redna-skupscina-assemblea-ordinaria\/#breadcrumb\",\"itemListElement\":[{\"@type\":\"ListItem\",\"position\":1,\"name\":\"Home\",\"item\":\"https:\/\/histriaweb.eu\/wp\/\"},{\"@type\":\"ListItem\",\"position\":2,\"name\":\"Redna Skup\u0161\u010dina &#8211; Assemblea ordinaria\"}]},{\"@type\":\"WebSite\",\"@id\":\"https:\/\/histriaweb.eu\/wp\/#website\",\"url\":\"https:\/\/histriaweb.eu\/wp\/\",\"name\":\"HISTRIA\",\"description\":\"Humanisti\u010dno dru\u0161tvo - Societ\u00e0 umanistica  - Humanisti\u010dko dru\u0161tvo\",\"potentialAction\":[{\"@type\":\"SearchAction\",\"target\":{\"@type\":\"EntryPoint\",\"urlTemplate\":\"https:\/\/histriaweb.eu\/wp\/?s={search_term_string}\"},\"query-input\":{\"@type\":\"PropertyValueSpecification\",\"valueRequired\":true,\"valueName\":\"search_term_string\"}}],\"inLanguage\":\"en-GB\"},{\"@type\":\"Person\",\"@id\":\"https:\/\/histriaweb.eu\/wp\/#\/schema\/person\/e9097110bdfbf55346a3dc633d66b805\",\"name\":\"Dean Krmac\",\"image\":{\"@type\":\"ImageObject\",\"inLanguage\":\"en-GB\",\"@id\":\"https:\/\/histriaweb.eu\/wp\/#\/schema\/person\/image\/\",\"url\":\"https:\/\/secure.gravatar.com\/avatar\/a1d543acb9712d2aa03079afbbd1535c12e9aa7d65d95fc9b056715991ec6711?s=96&d=identicon&r=g\",\"contentUrl\":\"https:\/\/secure.gravatar.com\/avatar\/a1d543acb9712d2aa03079afbbd1535c12e9aa7d65d95fc9b056715991ec6711?s=96&d=identicon&r=g\",\"caption\":\"Dean Krmac\"},\"url\":\"https:\/\/histriaweb.eu\/wp\/author\/dean\/\"}]}<\/script>\n<!-- \/ Yoast SEO plugin. -->","yoast_head_json":{"title":"Redna Skup\u0161\u010dina - Assemblea ordinaria - HISTRIA","robots":{"index":"index","follow":"follow","max-snippet":"max-snippet:-1","max-image-preview":"max-image-preview:large","max-video-preview":"max-video-preview:-1"},"canonical":"https:\/\/histriaweb.eu\/wp\/redna-skupscina-assemblea-ordinaria\/","og_locale":"en_GB","og_type":"article","og_title":"Redna Skup\u0161\u010dina - Assemblea ordinaria - HISTRIA","og_description":"La sessione \u00e8 stata indetta per corrispondenza a causa dell&#8217;emergenza sanitaria. Nel corso della riunione sono stati approvati la relazione annua dei lavori e il bilancio della Societ\u00e0 per l\u2019anno di esercizio 2019. Si \u00e8 tra l&#8217;altro stabilito che l&#8217;attivit\u00e0 in presenza venga momentaneamente sospesa.","og_url":"https:\/\/histriaweb.eu\/wp\/redna-skupscina-assemblea-ordinaria\/","og_site_name":"HISTRIA","article_published_time":"2020-03-26T21:41:54+00:00","article_modified_time":"2020-10-21T09:43:26+00:00","author":"Dean Krmac","twitter_misc":{"Written by":"Dean Krmac"},"schema":{"@context":"https:\/\/schema.org","@graph":[{"@type":"Article","@id":"https:\/\/histriaweb.eu\/wp\/redna-skupscina-assemblea-ordinaria\/#article","isPartOf":{"@id":"https:\/\/histriaweb.eu\/wp\/redna-skupscina-assemblea-ordinaria\/"},"author":{"name":"Dean Krmac","@id":"https:\/\/histriaweb.eu\/wp\/#\/schema\/person\/e9097110bdfbf55346a3dc633d66b805"},"headline":"Redna Skup\u0161\u010dina &#8211; Assemblea ordinaria","datePublished":"2020-03-26T21:41:54+00:00","dateModified":"2020-10-21T09:43:26+00:00","mainEntityOfPage":{"@id":"https:\/\/histriaweb.eu\/wp\/redna-skupscina-assemblea-ordinaria\/"},"wordCount":49,"articleSection":["PRIREDITVE"],"inLanguage":"en-GB"},{"@type":"WebPage","@id":"https:\/\/histriaweb.eu\/wp\/redna-skupscina-assemblea-ordinaria\/","url":"https:\/\/histriaweb.eu\/wp\/redna-skupscina-assemblea-ordinaria\/","name":"Redna Skup\u0161\u010dina - Assemblea ordinaria - HISTRIA","isPartOf":{"@id":"https:\/\/histriaweb.eu\/wp\/#website"},"datePublished":"2020-03-26T21:41:54+00:00","dateModified":"2020-10-21T09:43:26+00:00","author":{"@id":"https:\/\/histriaweb.eu\/wp\/#\/schema\/person\/e9097110bdfbf55346a3dc633d66b805"},"breadcrumb":{"@id":"https:\/\/histriaweb.eu\/wp\/redna-skupscina-assemblea-ordinaria\/#breadcrumb"},"inLanguage":"en-GB","potentialAction":[{"@type":"ReadAction","target":["https:\/\/histriaweb.eu\/wp\/redna-skupscina-assemblea-ordinaria\/"]}]},{"@type":"BreadcrumbList","@id":"https:\/\/histriaweb.eu\/wp\/redna-skupscina-assemblea-ordinaria\/#breadcrumb","itemListElement":[{"@type":"ListItem","position":1,"name":"Home","item":"https:\/\/histriaweb.eu\/wp\/"},{"@type":"ListItem","position":2,"name":"Redna Skup\u0161\u010dina &#8211; Assemblea ordinaria"}]},{"@type":"WebSite","@id":"https:\/\/histriaweb.eu\/wp\/#website","url":"https:\/\/histriaweb.eu\/wp\/","name":"HISTRIA","description":"Humanisti\u010dno dru\u0161tvo - Societ\u00e0 umanistica  - Humanisti\u010dko dru\u0161tvo","potentialAction":[{"@type":"SearchAction","target":{"@type":"EntryPoint","urlTemplate":"https:\/\/histriaweb.eu\/wp\/?s={search_term_string}"},"query-input":{"@type":"PropertyValueSpecification","valueRequired":true,"valueName":"search_term_string"}}],"inLanguage":"en-GB"},{"@type":"Person","@id":"https:\/\/histriaweb.eu\/wp\/#\/schema\/person\/e9097110bdfbf55346a3dc633d66b805","name":"Dean Krmac","image":{"@type":"ImageObject","inLanguage":"en-GB","@id":"https:\/\/histriaweb.eu\/wp\/#\/schema\/person\/image\/","url":"https:\/\/secure.gravatar.com\/avatar\/a1d543acb9712d2aa03079afbbd1535c12e9aa7d65d95fc9b056715991ec6711?s=96&d=identicon&r=g","contentUrl":"https:\/\/secure.gravatar.com\/avatar\/a1d543acb9712d2aa03079afbbd1535c12e9aa7d65d95fc9b056715991ec6711?s=96&d=identicon&r=g","caption":"Dean Krmac"},"url":"https:\/\/histriaweb.eu\/wp\/author\/dean\/"}]}},"_links":{"self":[{"href":"https:\/\/histriaweb.eu\/wp\/wp-json\/wp\/v2\/posts\/5649","targetHints":{"allow":["GET"]}}],"collection":[{"href":"https:\/\/histriaweb.eu\/wp\/wp-json\/wp\/v2\/posts"}],"about":[{"href":"https:\/\/histriaweb.eu\/wp\/wp-json\/wp\/v2\/types\/post"}],"author":[{"embeddable":true,"href":"https:\/\/histriaweb.eu\/wp\/wp-json\/wp\/v2\/users\/2"}],"replies":[{"embeddable":true,"href":"https:\/\/histriaweb.eu\/wp\/wp-json\/wp\/v2\/comments?post=5649"}],"version-history":[{"count":3,"href":"https:\/\/histriaweb.eu\/wp\/wp-json\/wp\/v2\/posts\/5649\/revisions"}],"predecessor-version":[{"id":5652,"href":"https:\/\/histriaweb.eu\/wp\/wp-json\/wp\/v2\/posts\/5649\/revisions\/5652"}],"wp:attachment":[{"href":"https:\/\/histriaweb.eu\/wp\/wp-json\/wp\/v2\/media?parent=5649"}],"wp:term":[{"taxonomy":"category","embeddable":true,"href":"https:\/\/histriaweb.eu\/wp\/wp-json\/wp\/v2\/categories?post=5649"},{"taxonomy":"post_tag","embeddable":true,"href":"https:\/\/histriaweb.eu\/wp\/wp-json\/wp\/v2\/tags?post=5649"}],"curies":[{"name":"wp","href":"https:\/\/api.w.org\/{rel}","templated":true}]}}